{"id":3376,"date":"2022-11-28T11:45:44","date_gmt":"2022-11-28T10:45:44","guid":{"rendered":"https:\/\/hazarquitectura.com\/la-memoria-del-poblenou\/"},"modified":"2022-11-28T11:45:44","modified_gmt":"2022-11-28T10:45:44","slug":"la-memoria-del-poblenou","status":"publish","type":"post","link":"https:\/\/hazarquitectura.com\/ca\/la-memoria-del-poblenou\/","title":{"rendered":"La mem\u00f2ria del Poblenou"},"content":{"rendered":"<p><em>\u201cEl Parc del Poblenou \u00e9s un dels espais verds ol\u00edmpics, ja que va ser inaugurat l\u2019any 1992. Aquest espai p\u00fablic d\u201911,92 hect\u00e0rees fa de pont de connexi\u00f3 entre el nucli vell del barri del Poblenou i el mar. En el seu recorregut passa de ser un parc de car\u00e0cter urb\u00e0 situat al costat del nucli edificat a ser una \u00e0rea de dunes, menys poblada d\u2019arbres i arbustos a mesura que s\u2019apropa al mar. Recull un bosquet de pins al voltant de la zona de jocs. La seva peculiaritat es completa amb les \u00e0rees esportives que es troben a prop a un nivell inferior, i amb un jardinet on arrelen oliveres, garrofers i alguna figuera, arbres inequ\u00edvocament mediterranis.\u201d<\/em><\/p>\n<p>Aquesta breu per\u00f2 eloq\u00fcent explicaci\u00f3 la podem trobar en un d\u2019aquells cartells verds dels parcs, que poca gent llegeix, quan traspassem els difusos l\u00edmits del Parc del Poblenou, situat entre els carrers Bilbao i Llacuna i entre la ronda Litoral i el mar.<\/p>\n<p>Sempre m\u2019ha agradat aquest lloc. \u00c9s dels pocs indrets de Barcelona on se senten ocells malgrat els cotxes i el soroll de la ciutat. Sempre fa olor de pinassa, torrada pel sol implacable, o humida, despr\u00e9s de la pluja. L\u2019ambient, efectivament, \u00e9s inequ\u00edvocament mediterrani i em porta records de la inf\u00e0ncia, de quan estiuejava amb la meva fam\u00edlia a Blanes. Recordo algunes tardes quan ens escap\u00e0vem a la cala Sant Francesc i cuin\u00e0vem sardines al foc fins ben entrada la nit.<\/p>\n<p>Aquest Mediterrani, el de la Costa Brava, amb els pins bigarrats enfilant-se des del mar pels escarpats penya-segats, forma part de l\u2019imaginari com\u00fa de tots els barcelonins i dels catalans. I tamb\u00e9 el de les rieres del Maresme, amb masses de canyissars movent-se compassadament amb el vent. I el de les dunes, dels aiguamolls dels rius i dels c\u00e0mpings del Llobregat, lluitant per un lloc al costat dels avions i les torres de control.<\/p>\n<p>Cada cop que passo a prop del Parc del Poblenou tinc una fuga\u00e7 sensaci\u00f3 de felicitat. S\u00f3n els pins. Els pins que creen una ombra amb catifa de pinassa, que tenyeixen de resina l\u2019aire i que em connecten amb la terra i amb el Mediterrani durant un breu espai de temps.<\/p>\n<p>El cartell de l\u2019entrada del parc \u00e9s un extracte de la documentaci\u00f3 escrita que sol acompanyar els projectes d\u2019arquitectura i d\u2019urbanisme i que rep el nom de \u2018Mem\u00f2ria\u2019. \u00c9s una part a la qual normalment no t\u00e9 acc\u00e9s el p\u00fablic i a la qual, moltes vegades, els arquitectes no li donem la import\u00e0ncia que es mereix. Justifica l\u2019actuaci\u00f3 a nivell normatiu, per\u00f2 cont\u00e9 una part important que motiva les decisions estrat\u00e8giques que s\u2019han anat prenent amb el projecte, siguin de tipus t\u00e8cnic, patrimonial o cultural. Podr\u00edem dir que explica per qu\u00e8 ho hem fet aix\u00ed.<\/p>\n<h2>Les nostres ciutats costaneres han d\u2019albergar m\u00e9s parcs del Poblenou per transitar cap a una nova realitat clim\u00e0tica<\/h2>\n<p>El que \u00e9s destacable \u00e9s que es digui \u2018Mem\u00f2ria\u2019, precisament all\u00f2 que l\u2019espai viscut aconsegueix remoure\u2019ns cada cop que hi som. La mem\u00f2ria d\u2019un lloc, el lloc com\u00fa de tots els nostres records i de tots els esdeveniments que hi han deixat rastre, \u00e9s la idea principal que condueix el projecte i que els autors van voler mantenir. Preservar la mem\u00f2ria d\u2019un lloc \u00e9s llegir les traces que n\u2019expliquen la g\u00e8nesi i que permeten comprendre la seva realitat avui i que deixen el llegat per a dem\u00e0. Per sobre de normatives i restriccions de tota mena, que segurament hauran condicionat moltes decisions, la mem\u00f2ria continua mantenint un valor preeminent en el relat del projecte, del lloc, del paisatge.<\/p>\n<p>El Parc del Poblenou ha estat capa\u00e7 de crear una atmosfera de parc urb\u00e0 i de sistema de protecci\u00f3 del litoral mar\u00edtim. \u00c9s simptom\u00e0tic que, darrere de la gran duna que s\u2019al\u00e7a davant del mar protegida per un gran canyissar, es localitzi l\u2019\u00fanica platja nudista de tota la ciutat, com si all\u00e0 els seus usuaris trobessin un rac\u00f3 protegit per la natura, tret de mirades de curiosos.<\/p>\n<p>\u00c9s tamb\u00e9 un espai necessari davant de la costa en un clima que, irremeiablement, hem d\u2019acceptar que est\u00e0 canviant. Un espai de prud\u00e8ncia, de negociaci\u00f3 amb el mar que, a estones, reclamar\u00e0 com a seu i, a estones, ens deixar\u00e0 fer servir. Tamb\u00e9 \u00e9s una oportunitat de reconciliar-se amb el ritme de la natura, amb el canvi permanent de les coses i amb l\u2019estacionalitat. Recuperar una vida m\u00e9s tranquil\u00b7la i menys artificial.<\/p>\n<p>B\u00e9 ho saben els nostres ve\u00efns francesos de la Bretanya i de Normandia, o els mariners gallecs i bascos. La vida, all\u00e0, segueix el comp\u00e0s de les marees, marcant els ritmes i els ritus de les activitats humanes. El nostre Mediterrani, per\u00f2, ens ha donat, durant segles, una estabilitat duradora que hem pres com a eterna, situant ciutats, carreteres i ferrocarrils a escassos metres de les ribes i que avui tendeixen a desapar\u00e8ixer.<\/p>\n<p>El Parc del Poblenou, estirant de mem\u00f2ria, ocupa l\u2019espai de grans platges de vies de tren de la Barcelona preol\u00edmpica. Restitueix una mem\u00f2ria del lloc, pr\u00e8via a aquesta ocupaci\u00f3, recreant el paisatge natural del Barcelon\u00e8s, del Maresme o del Baix Llobregat i que \u00e9s tan \u00fatil davant els embats del mar. Un lloc de sedimentaci\u00f3 de rieres, dunes, canyes i fang que tots reconeixem f\u00e0cilment com quelcom que ens pertany. Un paisatge que recupera i preserva el car\u00e0cter inequ\u00edvocament mediterrani de la ciutat.<\/p>\n<p>Les nostres ciutats costaneres han d\u2019albergar m\u00e9s parcs del Poblenou per transitar cap a una nova realitat clim\u00e0tica, per\u00f2 tamb\u00e9 per facilitar un canvi social inajornable, m\u00e9s d\u2019acord amb el ritme del nostre planeta. Un pas enrere necessari, per restablir una relaci\u00f3 amb el mar oblidada en algun lloc de la nostra mem\u00f2ria.<\/p>\n","protected":false},"excerpt":{"rendered":"<p>\u201cEl Parc del Poblenou \u00e9s un dels espais verds ol\u00edmpics,  [&#8230;]<\/p>\n","protected":false},"author":1,"featured_media":3294,"comment_status":"closed","ping_status":"closed","sticky":false,"template":"","format":"standard","meta":{"_acf_changed":false,"footnotes":""},"categories":[31,32],"tags":[],"class_list":["post-3376","post","type-post","status-publish","format-standard","has-post-thumbnail","hentry","category-articles-de-premsa","category-media-ca"],"acf":[],"_links":{"self":[{"href":"https:\/\/hazarquitectura.com\/ca\/wp-json\/wp\/v2\/posts\/3376","targetHints":{"allow":["GET"]}}],"collection":[{"href":"https:\/\/hazarquitectura.com\/ca\/wp-json\/wp\/v2\/posts"}],"about":[{"href":"https:\/\/hazarquitectura.com\/ca\/wp-json\/wp\/v2\/types\/post"}],"author":[{"embeddable":true,"href":"https:\/\/hazarquitectura.com\/ca\/wp-json\/wp\/v2\/users\/1"}],"replies":[{"embeddable":true,"href":"https:\/\/hazarquitectura.com\/ca\/wp-json\/wp\/v2\/comments?post=3376"}],"version-history":[{"count":0,"href":"https:\/\/hazarquitectura.com\/ca\/wp-json\/wp\/v2\/posts\/3376\/revisions"}],"wp:featuredmedia":[{"embeddable":true,"href":"https:\/\/hazarquitectura.com\/ca\/wp-json\/wp\/v2\/media\/3294"}],"wp:attachment":[{"href":"https:\/\/hazarquitectura.com\/ca\/wp-json\/wp\/v2\/media?parent=3376"}],"wp:term":[{"taxonomy":"category","embeddable":true,"href":"https:\/\/hazarquitectura.com\/ca\/wp-json\/wp\/v2\/categories?post=3376"},{"taxonomy":"post_tag","embeddable":true,"href":"https:\/\/hazarquitectura.com\/ca\/wp-json\/wp\/v2\/tags?post=3376"}],"curies":[{"name":"wp","href":"https:\/\/api.w.org\/{rel}","templated":true}]}}