{"id":3381,"date":"2022-03-03T17:48:42","date_gmt":"2022-03-03T16:48:42","guid":{"rendered":"https:\/\/hazarquitectura.com\/cel%c2%b7lula-de-vitabilitat\/"},"modified":"2025-01-14T19:26:18","modified_gmt":"2025-01-14T18:26:18","slug":"cel%c2%b7lula-de-vitabilitat","status":"publish","type":"post","link":"https:\/\/hazarquitectura.com\/ca\/cel%c2%b7lula-de-vitabilitat\/","title":{"rendered":"C\u00e8l\u00b7lula de Vitabilitat"},"content":{"rendered":"<p>La mirada dels nens ens torna, moltes vegades, el sentit m\u00e9s senzill i essencial de les coses. Passa amb els objectes, per exemple, quan els hi donen un \u00fas inesperat, o amb el llenguatge, quan atribueixen un significat erroni a una paraula, per similitud o intu\u00efci\u00f3.<\/p>\n<p>Una vegada vaig rebre un missatge de la meva filla petita que deia: \u201cPapa, diu la mama que te\u2019n recordis de la \u2018c\u00e8l\u00b7lula\u2019 de \u2018vitabilitat\u2019 de la Gemma\u201d. De vegades, reconec que no corregeixo aquests errors dels meus fills; sento que deixaran de ser petits i em continc, en un afany est\u00e8ril de parar el temps.<\/p>\n<p>La c\u00e8dula d\u2019habitabilitat, a la qual es referia, \u00e9s un document que a la majoria de la gent li sonar\u00e0. S\u2019ha convertit en un certificat necessari per a la compravenda de pisos o el lloguer d\u2019un habitatge. Ha perdut tot el seu valor i el sentit originari, si \u00e9s que mai el va tenir, si mirem el preu rid\u00edcul pel qual s\u2019ofereix al mercat, cosa que el porta a ser un simple paper, la majoria de vegades fet amb poc rigor, amb l\u2019\u00fanic prop\u00f2sit de passar el tr\u00e0mit burocr\u00e0tic.<\/p>\n<p>Tot i aix\u00f2, l\u2019equ\u00edvoc en les paraules, a m\u00e9s d\u2019un somriure, obre una reflexi\u00f3 m\u00e9s profunda del que sembla. L\u2019habitatge de la nostra amiga Gemma no est\u00e0 gens malament. Compleix, amb escreix, els requisits m\u00ednims que dicta el Decret d\u2019Habitabilitat. \u00c9s un \u00e0tic gran, amb dues terrasses, raonablement ben orientat i ventilat, amb sales i habitacions grans i dues peces de bany. Ning\u00fa rebutjaria un pis aix\u00ed d\u2019entrada. Per\u00f2 ella no hi vol viure.<\/p>\n<p>El barri, diu, \u00e9s solitari. Va tenir un r\u00e0pid creixement i encara no hi han constru\u00eft cap escola a prop. Est\u00e0 farta de portar la seva filla als barracons i, veient com van les coses, tem que acabar\u00e0 estudiant all\u00e0 tota la Prim\u00e0ria. Tampoc hi ha cap centre de salut i no hi han obert cap botiga de queviures o una fleca. La m\u00e9s propera \u00e9s a quatre carrers, i confessa que li fa por tornar-ne sola perqu\u00e8 no hi ha gaire gent pel carrer. El pis \u00e9s habitable, per\u00f2 al barri hi falta vida.<\/p>\n<p>L\u2019actual Decret d\u2019Habitabilitat \u00e9s una llei de m\u00ednims de murs endins, tal com el mateix t\u00edtol declara sense embuts. Del seu redactat es dedueix que es pretenen acotar els abusos i els tripijocs que fan molts propietaris per fer passar per habitatge una cosa que el sentit com\u00fa diu que no ho \u00e9s.<\/p>\n<p>No \u00e9s una llei que tracti recomanacions de disseny per a m\u00e9s confort, ni tampoc que parli de les vistes que tindrem des de la nostra finestra. De fet, les vistes que importen al Decret s\u00f3n les que puguin tenir els vianants de la nostra roba estesa. Com diria Rigoberta Bandini, no s\u00e9 per qu\u00e8 fan tanta por les nostres calces; sense elles no hi hauria humanitat a les nostres ciutats mediterr\u00e0nies.<\/p>\n<h2>Ens cal un nou Decret de Vitabilitat que vigili l\u2019habitabilitat de casa nostra, per\u00f2 tamb\u00e9 la vitalitat dels nostres barris<\/h2>\n<p>\u00c9s cert que hi ha altres lleis i plans que s\u2019ocupen de \u201cprogramar\u201d, aix\u00ed en diuen, el territori i el creixement de les ciutats. Per\u00f2 aix\u00f2 no impedeix que, complint els m\u00ednims que dicta el Decret d\u2019Habitabilitat, un habitatge es pugui considerar com a tal en un barri sense escoles ni fleques. El problema \u00e9s, moltes vegades, compassar el creixement residencial i els plans urbans.<\/p>\n<p>Amb les onades migrat\u00f2ries dels anys 1950-1960 van arribar a Catalunya, i m\u00e9s intensament a Barcelona, milers de persones procedents del sud d\u2019Espanya que volien treballar i establir-s\u2019hi. Es van crear desenes de \u201cpol\u00edgons\u201d residencials per fer front al que es va denominar \u201cemerg\u00e8ncia residencial\u201d.<\/p>\n<p>El pol\u00edgon del sud-oest del Bes\u00f2s, Canyelles, la Guineueta\u2026 Va ser tan gran l\u2019emerg\u00e8ncia que a molts llocs els edificis van arribar abans que els carrers, i aix\u00ed van romandre durant molts anys. \u00c9s emocionant escoltar els ve\u00efns del carrer de la Mina de la Ciutat, al barri de Roquetes, explicar com van unir les seves forces per construir amb les seves pr\u00f2pies mans la claveguera central del carrer, dedicant-s\u2019hi cada dia en sortir de les seves feines. Les fotos d\u2019aquella gesta s\u00f3n un llibre obert d\u2019hist\u00f2ria de la ciutat. Hist\u00f2ria de la de veritat. Avui aquests barris tenen clavegueres, autobusos i escoles gr\u00e0cies a la uni\u00f3 i la lluita dels seus ve\u00efns i ve\u00efnes; els plans van venir despr\u00e9s.<\/p>\n<p>Alg\u00fa podria pensar que aix\u00f2 ja no passa, per\u00f2 no fa gaire es va batejar amb el nom de \u201ccrisi immobili\u00e0ria\u201d l\u2019ab\u00fas de construir anualment m\u00e9s habitatges que Fran\u00e7a, Alemanya i It\u00e0lia juntes. I tots recordem hect\u00e0rees d\u2019habitatges sense col\u00b7legis, centres de salut o transport a Buniel o a Sanchinarro, per posar algun exemple, avui abandonats perqu\u00e8 all\u00e0 no hi ha qui hi visqui.<\/p>\n<p>L\u2019habitabilitat, entesa en el seu significat m\u00e9s b\u00e0sic, \u00e9s la capacitat que t\u00e9 un lloc per ser viscut de manera sostinguda i confortable, i aix\u00f2 tamb\u00e9 hauria d\u2019implicar els barris de les nostres ciutats. Barris que tinguin col\u00b7legis, centres esportius o casals a una dist\u00e0ncia raonable de casa i que promoguin l\u2019abandonament del cotxe per manca de necessitat m\u00e9s que per repressi\u00f3. La Llei de Barris que va promulgar la Generalitat pels volts de l\u2019any 2004 i que encertadament l\u2019Ajuntament de Barcelona ha fet seva ja va en el sentit d\u2019eliminar aquestes mancances dels barris. \u00c9s una llei reparadora. Pret\u00e9n arreglar el que no es va fer b\u00e9 des del principi.<\/p>\n<p>Tot i aix\u00f2, el Decret d\u2019Habitabilitat \u00e9s central en aquest debat. No s\u2019hauria de quedar tancat entre els murs de l\u2019habitatge, ja que juga un paper fonamental en el desenvolupament de nous barris i en la reparaci\u00f3 dels existents.<\/p>\n<p>Un enfocament m\u00e9s hol\u00edstic del decret, que reculli l\u2019espai existent entre les habitacions de la casa i els espais del barri. Una llei on les vistes, les escoles o les fleques trobin el seu lloc. De la mateixa manera que no viur\u00edem en un habitatge sense inodor o sense endolls, no haur\u00edem d\u2019admetre viure en un barri on el col\u00b7legi el construeixin quan els nostres fills ja siguin grans.<\/p>\n<p>Una llei de m\u00e0xims, no de m\u00ednims. I aix\u00f2 no t\u00e9 res a veure amb els metres quadrats. Un decret que vigili l\u2019habitabilitat de casa nostra, per\u00f2 tamb\u00e9 la vitalitat dels nostres barris. Un nou Decret de Vitabilitat.<\/p>\n","protected":false},"excerpt":{"rendered":"<p>La mirada dels nens ens torna, moltes vegades, el sentit  [&#8230;]<\/p>\n","protected":false},"author":1,"featured_media":3287,"comment_status":"closed","ping_status":"closed","sticky":false,"template":"","format":"standard","meta":{"_acf_changed":false,"footnotes":""},"categories":[31,32],"tags":[],"class_list":["post-3381","post","type-post","status-publish","format-standard","has-post-thumbnail","hentry","category-articles-de-premsa","category-media-ca"],"acf":[],"_links":{"self":[{"href":"https:\/\/hazarquitectura.com\/ca\/wp-json\/wp\/v2\/posts\/3381","targetHints":{"allow":["GET"]}}],"collection":[{"href":"https:\/\/hazarquitectura.com\/ca\/wp-json\/wp\/v2\/posts"}],"about":[{"href":"https:\/\/hazarquitectura.com\/ca\/wp-json\/wp\/v2\/types\/post"}],"author":[{"embeddable":true,"href":"https:\/\/hazarquitectura.com\/ca\/wp-json\/wp\/v2\/users\/1"}],"replies":[{"embeddable":true,"href":"https:\/\/hazarquitectura.com\/ca\/wp-json\/wp\/v2\/comments?post=3381"}],"version-history":[{"count":2,"href":"https:\/\/hazarquitectura.com\/ca\/wp-json\/wp\/v2\/posts\/3381\/revisions"}],"predecessor-version":[{"id":4085,"href":"https:\/\/hazarquitectura.com\/ca\/wp-json\/wp\/v2\/posts\/3381\/revisions\/4085"}],"wp:featuredmedia":[{"embeddable":true,"href":"https:\/\/hazarquitectura.com\/ca\/wp-json\/wp\/v2\/media\/3287"}],"wp:attachment":[{"href":"https:\/\/hazarquitectura.com\/ca\/wp-json\/wp\/v2\/media?parent=3381"}],"wp:term":[{"taxonomy":"category","embeddable":true,"href":"https:\/\/hazarquitectura.com\/ca\/wp-json\/wp\/v2\/categories?post=3381"},{"taxonomy":"post_tag","embeddable":true,"href":"https:\/\/hazarquitectura.com\/ca\/wp-json\/wp\/v2\/tags?post=3381"}],"curies":[{"name":"wp","href":"https:\/\/api.w.org\/{rel}","templated":true}]}}