{"id":3692,"date":"2023-12-04T12:31:03","date_gmt":"2023-12-04T11:31:03","guid":{"rendered":"https:\/\/hazarquitectura.com\/?p=3692"},"modified":"2023-12-04T12:31:03","modified_gmt":"2023-12-04T11:31:03","slug":"els-somnis-de-gaudi","status":"publish","type":"post","link":"https:\/\/hazarquitectura.com\/ca\/els-somnis-de-gaudi\/","title":{"rendered":"Els somnis de Gaud\u00ed"},"content":{"rendered":"<p>De tant en tant, l\u2019eterna Sagrada Fam\u00edlia d\u2019Antoni Gaud\u00ed acapara l\u2019atenci\u00f3 dels mitjans d\u2019informaci\u00f3. Aquests dies, amb motiu de la il\u00b7luminaci\u00f3 de les torres dels quatre evangelistes i de l\u2019en\u00e8sim anunci de l\u2019ajornament de la finalitzaci\u00f3 de les seves obres, 140 anys despr\u00e9s del seu inici, la fotografia que acompanya aquestes l\u00ednies pren un significat especial.<\/p>\n<p>Hi ha persones que quan passen pel m\u00f3n canvien les nostres vides amb els seus descobriments i les seves creacions; persones que sempre ens han fascinat. I no nom\u00e9s pel llegat que ens deixen, que perdura generaci\u00f3 rere generaci\u00f3, sin\u00f3 perqu\u00e8 la seva pr\u00f2pia exist\u00e8ncia, la manera de viure la seva professi\u00f3 de manera apassionada, atrau poderosament la nostra atenci\u00f3, com si pogu\u00e9ssim desxifrar la seva exc\u00e8ntrica genialitat observant el que menjaven, el que llegien o els llocs que freq\u00fcentaven.<\/p>\n<p>La fotografia mostra un rac\u00f3 de l\u2019estudi on treballava Gaud\u00ed, el seu obrador, als peus de la Sagrada Fam\u00edlia, on es veu un llit o m\u00e9s aviat una m\u00e0rfega doblegada i mig aixecada envoltada de trastos i de maquetes.<\/p>\n<p>Se sap que Gaud\u00ed tenia una resid\u00e8ncia al Park G\u00fcell on s\u2019havia traslladat despr\u00e9s de viure a l\u2019Eixample barcelon\u00ed. Inicialment va decidir instal\u00b7lar un llit al seu estudi per pernoctar-hi els dies de tempesta, despr\u00e9s d\u2019haver patit alguna caiguda arribant al parc de nit i plovent. Havia de ser tota una odissea anar des del carrer de Mallorca fins a la muntanya pelada de Can Coll fa m\u00e9s d\u2019un segle. Una llunyania que, segurament, va descoratjar les classes benestants que estaven destinades a viure en aquella ciutat jard\u00ed.<\/p>\n<p>A mesura que passava el temps, la feina al temple l\u2019absorbia tant que el que va comen\u00e7ar sent una cosa ocasional va acabar convertint-se en quotidiana durant l\u2019\u00faltima d\u00e8cada de la seva vida. Gaud\u00ed no sortia del seu estudi pr\u00e0cticament per a res, lliurat en cos i \u00e0nima a la creaci\u00f3 de la bas\u00edlica.<\/p>\n<p>Envoltat de pl\u00e0nols, escultures i maquetes de guix, l\u2019arquitecte s\u2019enllitava cada nit immers en els problemes que comportava la concepci\u00f3 del seu gran projecte vital.<\/p>\n<p>Gaud\u00ed no volia col\u00b7laboradors al seu estudi m\u00e9s enll\u00e0 de mitja jornada laboral. Necessitava la resta del dia per resoldre trobades geom\u00e8triques, prendre decisions estrat\u00e8giques o canvis de rumb. Tamb\u00e9 solia visitar els artesans que treballaven la forja o la pedra, o b\u00e9 convidava tota mena de gent, la majoria indigents, com a models per a les escultures que adornarien els interiors i les fa\u00e7anes del temple.<\/p>\n<h2>El llit sol ser el lloc on dormim les nostres inquietuds i els nostres problemes i el lloc on solem aclarir-los<\/h2>\n<p>Per\u00f2 arribada la nit, es ficava al seu llit, emportant-s\u2019hi maquetes i altres materials del projecte utilitzant una taula llarga de fusta com a escriptori per esgarrapar els \u00faltims minuts de feina al dia.<\/p>\n<p>Podem imaginar-nos els seus aprenents despertant el mestre cada mat\u00ed, absort en els seus somnis reveladors on concebia espais i albirava llocs impossibles. Vist aix\u00ed, el llit era un element m\u00e9s del seu estudi; un instrument imprescindible per capturar aquelles coses que nom\u00e9s es desvetllen en la vig\u00edlia del son.<\/p>\n<p>El llit tamb\u00e9 va ser el lloc des d\u2019on l\u2019escriptor franc\u00e8s Georges Perec va construir el seu dec\u00e0leg d\u2019esp\u00e8cies d\u2019espais, fent un oport\u00fa paral\u00b7lelisme entre la quartilla on escrivia i el seu propi catre, de proporcions molt semblants.<\/p>\n<p>O el llit de l\u2019hotel L\u2019Alsace de Par\u00eds on Oscar Wilde, coetani de Gaud\u00ed, va escriure les \u00faltimes frases i que va acabar sent el seu llit de mort, afectat per una terrible meningitis que debilitava la seva salut despr\u00e9s de dos anys d\u2019infame condemna a Londres.<\/p>\n<p>El llit sol ser el lloc on dormim les nostres inquietuds i els nostres problemes i el lloc on solem aclarir-los. L\u2019alba, el moment prec\u00eds per ca\u00e7ar-los en un tros de paper si no els volem oblidar per sempre. Una cosa que Gaud\u00ed coneixia, sens dubte, quan se n\u2019anava a dormir amb un llapis a la m\u00e0.<\/p>\n","protected":false},"excerpt":{"rendered":"<p>De tant en tant, l\u2019eterna Sagrada Fam\u00edlia d\u2019Antoni Gaud\u00ed acapara  [&#8230;]<\/p>\n","protected":false},"author":1,"featured_media":3693,"comment_status":"closed","ping_status":"closed","sticky":false,"template":"","format":"standard","meta":{"_acf_changed":false,"footnotes":""},"categories":[31,32],"tags":[],"class_list":["post-3692","post","type-post","status-publish","format-standard","has-post-thumbnail","hentry","category-articles-de-premsa","category-media-ca"],"acf":[],"_links":{"self":[{"href":"https:\/\/hazarquitectura.com\/ca\/wp-json\/wp\/v2\/posts\/3692","targetHints":{"allow":["GET"]}}],"collection":[{"href":"https:\/\/hazarquitectura.com\/ca\/wp-json\/wp\/v2\/posts"}],"about":[{"href":"https:\/\/hazarquitectura.com\/ca\/wp-json\/wp\/v2\/types\/post"}],"author":[{"embeddable":true,"href":"https:\/\/hazarquitectura.com\/ca\/wp-json\/wp\/v2\/users\/1"}],"replies":[{"embeddable":true,"href":"https:\/\/hazarquitectura.com\/ca\/wp-json\/wp\/v2\/comments?post=3692"}],"version-history":[{"count":1,"href":"https:\/\/hazarquitectura.com\/ca\/wp-json\/wp\/v2\/posts\/3692\/revisions"}],"predecessor-version":[{"id":3696,"href":"https:\/\/hazarquitectura.com\/ca\/wp-json\/wp\/v2\/posts\/3692\/revisions\/3696"}],"wp:featuredmedia":[{"embeddable":true,"href":"https:\/\/hazarquitectura.com\/ca\/wp-json\/wp\/v2\/media\/3693"}],"wp:attachment":[{"href":"https:\/\/hazarquitectura.com\/ca\/wp-json\/wp\/v2\/media?parent=3692"}],"wp:term":[{"taxonomy":"category","embeddable":true,"href":"https:\/\/hazarquitectura.com\/ca\/wp-json\/wp\/v2\/categories?post=3692"},{"taxonomy":"post_tag","embeddable":true,"href":"https:\/\/hazarquitectura.com\/ca\/wp-json\/wp\/v2\/tags?post=3692"}],"curies":[{"name":"wp","href":"https:\/\/api.w.org\/{rel}","templated":true}]}}