{"id":3748,"date":"2024-03-12T11:53:55","date_gmt":"2024-03-12T10:53:55","guid":{"rendered":"https:\/\/hazarquitectura.com\/?p=3748"},"modified":"2024-04-15T11:12:02","modified_gmt":"2024-04-15T09:12:02","slug":"un-altre-colos-en-flames","status":"publish","type":"post","link":"https:\/\/hazarquitectura.com\/ca\/un-altre-colos-en-flames\/","title":{"rendered":"Un altre col\u00f3s en flames"},"content":{"rendered":"<p>La trag\u00e8dia de Val\u00e8ncia del 22 de febrer passat ens porta a la mem\u00f2ria les imatges recents de l\u2019incendi de la Torre Grenfell, a Londres, l\u2019any 2017.<\/p>\n<p>\u00c9s sorprenent l\u2019enorme similitud entre tots dos, tant per la rapidesa amb qu\u00e8 es va expandir el foc com pels materials que recobrien la fa\u00e7ana, gaireb\u00e9 id\u00e8ntics, aix\u00ed com per l\u2019origen de tots dos, que pel que sembla va ser un curtcircuit en un frigor\u00edfic en el cas de Londres i, encara que en un inici es va pensar que al de Val\u00e8ncia podia haver estat en un tendal exterior, sembla que tamb\u00e9 va ser en una nevera. Macabra coincid\u00e8ncia.<\/p>\n<p>Com de costum, les presses per informar i les ganes de convertir-ho tot en un espectacle van donar com a resultat algunes escenes que ens podien haver estalviat. Moguts per la not\u00edcia de tenir un altre col\u00f3s en flames, consagrats caps d\u2019informatius d\u2019algunes cadenes es van traslladar personalment al lloc dels fets per descriure amb luxe de detalls l\u2019olor de cremat de l\u2019edifici.<\/p>\n<p>Mentrestant, donaven per concl\u00f2s que el responsable de la r\u00e0pida propagaci\u00f3 del foc era el poliuret\u00e0, l\u2019a\u00efllament t\u00e8rmic a la cambra exterior de l\u2019edifici, quan finalment es va descobrir que en realitat no era aix\u00ed, ja que es tractava de llana de roca, que \u00e9s incombustible, tal com ja es veia a les imatges en directe.<\/p>\n<p>Per\u00f2 de tota aquesta precipitaci\u00f3, el que probablement va cridar m\u00e9s l\u2019atenci\u00f3 va ser la rapidesa amb la qual es va estendre la conclusi\u00f3 que els promotors s\u2019havien estalviat costos en la construcci\u00f3, cosa que indu\u00efa a pensar que aquest va ser el veritable origen de l\u2019incendi: la cobd\u00edcia dels promotors. En to de den\u00fancia, en algunes cadenes de televisi\u00f3 es van arribar a emetre els v\u00eddeos de la promoci\u00f3 de la venda dels habitatges, on s\u2019assegurava que es farien servir materials d\u2019alta qualitat, insinuant que finalment no va ser aix\u00ed.<\/p>\n<p>Aquesta \u00e9s una acusaci\u00f3 recurrent: els constructors, o els promotors, s\u2019estalvien diners als materials fins al punt de posar en perill la pr\u00f2pia edificaci\u00f3. Una escena que apareix precisament a la pel\u00b7l\u00edcula\u00a0<em>El col\u00f3s en flames,<\/em>\u00a0del 1974, de John Guillermin, on un enutjat Paul Newman, en el paper d\u2019arquitecte de la torre, veient la irremeiable progressi\u00f3 de l\u2019incendi esclata en retrets i crits contra el promotor de les obres, acusant-lo d\u2019haver redu\u00eft costos a base d\u2019estalviar qualitat a la instal\u00b7laci\u00f3 el\u00e8ctrica i al sistema d\u2019extinci\u00f3 d\u2019incendis.<\/p>\n<h2>\u00c9s una acusaci\u00f3 recurrent: els constructors, o els promotors, s\u2019estalvien diners als materials<\/h2>\n<p>Avui sabem que el bloc del barri del Campanar de Val\u00e8ncia va cremar per una conflu\u00e8ncia de factors que poc van tenir a veure amb l\u2019abaratiment de costos. La fa\u00e7ana era una soluci\u00f3 cara en comparaci\u00f3 amb altres de convencionals, potser amb la voluntat de donar-li un aire sofisticat, m\u00e9s propi d\u2019unes oficines o d\u2019un complex tur\u00edstic. Per\u00f2 no va ser fins a l\u2019incendi de Londres del 2017 que es va descobrir que l\u2019emparedat d\u2019alumini i pl\u00e0stic que recobria l\u2019exterior, ajudat per la cambra d\u2019aire de l\u2019edifici sense interrupcions, propaga el foc amb rapidesa. Es va descobrir, a m\u00e9s, que, al contrari del que passa en un incendi normal, en aquest cas s\u2019est\u00e9n en dues direccions, cap amunt, per\u00f2 tamb\u00e9 cap avall, perqu\u00e8 el material es fon en gotes inflamables que propaguen el foc a les plantes inferiors i dificulten l\u2019acc\u00e9s dels Bombers.<\/p>\n<p>Avui \u00e9s una soluci\u00f3 prohibida, per\u00f2 quan es va construir l\u2019edifici de Val\u00e8ncia no es tenia aquesta certesa. De fet, el jutjat que porta l\u2019assumpte per investigar possibles neglig\u00e8ncies ha sobresegut el cas recentment perqu\u00e8 no hi ha trobat indicis de delicte.<\/p>\n<p>D\u2019altra banda, hem sabut que el bloc tenia una instal\u00b7laci\u00f3 d\u2019extinci\u00f3 d\u2019incendis adequada, amb una columna seca, una canonada vertical buida on els Bombers connecten l\u2019aigua per alimentar tots els replans i facilitar-ne l\u2019apagada. Per desgr\u00e0cia, ni tan sols aquestes mesures de seguretat van funcionar als habitatges de Val\u00e8ncia, atesa la rapidesa de l\u2019aven\u00e7 de les flames, avivades pel fort vent aquell dia fat\u00eddic.<\/p>\n<p>L\u2019experi\u00e8ncia de Londres va canviar la normativa a gaireb\u00e9 tots els pa\u00efsos i aqu\u00ed es va modificar el 2019, per\u00f2 aix\u00f2 no impedeix que encara hi hagi alguns edificis constru\u00efts aix\u00ed.<\/p>\n<p>La hist\u00f2ria ens demostra que, de tant en tant, els incendis tenen lloc. Alguns, en el passat, van arrasar ciutats senceres: Chicago, T\u00f2quio, Londres o Par\u00eds. Qui podia imaginar-se que una catedral com Notre Dame, majorit\u00e0riament constru\u00efda en pedra, cremaria d\u2019aquella manera fa nom\u00e9s cinc anys? Alguns escenaris s\u2019intenten preveure i la tecnologia ens ajuda a simular la realitat amb assajos de foc i proves de resist\u00e8ncia. Tot i aix\u00f2, no totes les circumst\u00e0ncies d\u2019un incendi real s\u00f3n reprodu\u00efbles en una prova i de vegades es regula despr\u00e9s d\u2019un accident com el de Val\u00e8ncia. La veritat \u00e9s que la d\u2019incendis \u00e9s la normativa m\u00e9s estricta de les que hi ha a la construcci\u00f3, i no \u00e9s l\u00f2gic pensar que sigui una cosa que professionals responsables se saltin a la torera.<\/p>\n<p>Als t\u00e8cnics ens toca pensar m\u00e9s enll\u00e0 de les regulacions, intentant imaginar errors de la pr\u00f2pia llei per avan\u00e7ar-nos i evitar desgr\u00e0cies com aquesta.<\/p>\n<p>I als mitjans de comunicaci\u00f3 els correspon informar de manera responsable en unes circumst\u00e0ncies tan delicades, amb p\u00e8rdues de vides humanes, evitant un espectacle digne d\u2019una pel\u00b7l\u00edcula de Hollywood.<\/p>\n","protected":false},"excerpt":{"rendered":"<p>La trag\u00e8dia de Val\u00e8ncia del 22 de febrer passat ens  [&#8230;]<\/p>\n","protected":false},"author":1,"featured_media":3755,"comment_status":"closed","ping_status":"closed","sticky":false,"template":"","format":"standard","meta":{"_acf_changed":false,"footnotes":""},"categories":[31,32],"tags":[],"class_list":["post-3748","post","type-post","status-publish","format-standard","has-post-thumbnail","hentry","category-articles-de-premsa","category-media-ca"],"acf":[],"_links":{"self":[{"href":"https:\/\/hazarquitectura.com\/ca\/wp-json\/wp\/v2\/posts\/3748","targetHints":{"allow":["GET"]}}],"collection":[{"href":"https:\/\/hazarquitectura.com\/ca\/wp-json\/wp\/v2\/posts"}],"about":[{"href":"https:\/\/hazarquitectura.com\/ca\/wp-json\/wp\/v2\/types\/post"}],"author":[{"embeddable":true,"href":"https:\/\/hazarquitectura.com\/ca\/wp-json\/wp\/v2\/users\/1"}],"replies":[{"embeddable":true,"href":"https:\/\/hazarquitectura.com\/ca\/wp-json\/wp\/v2\/comments?post=3748"}],"version-history":[{"count":2,"href":"https:\/\/hazarquitectura.com\/ca\/wp-json\/wp\/v2\/posts\/3748\/revisions"}],"predecessor-version":[{"id":3776,"href":"https:\/\/hazarquitectura.com\/ca\/wp-json\/wp\/v2\/posts\/3748\/revisions\/3776"}],"wp:featuredmedia":[{"embeddable":true,"href":"https:\/\/hazarquitectura.com\/ca\/wp-json\/wp\/v2\/media\/3755"}],"wp:attachment":[{"href":"https:\/\/hazarquitectura.com\/ca\/wp-json\/wp\/v2\/media?parent=3748"}],"wp:term":[{"taxonomy":"category","embeddable":true,"href":"https:\/\/hazarquitectura.com\/ca\/wp-json\/wp\/v2\/categories?post=3748"},{"taxonomy":"post_tag","embeddable":true,"href":"https:\/\/hazarquitectura.com\/ca\/wp-json\/wp\/v2\/tags?post=3748"}],"curies":[{"name":"wp","href":"https:\/\/api.w.org\/{rel}","templated":true}]}}