{"id":3793,"date":"2024-09-20T10:33:55","date_gmt":"2024-09-20T08:33:55","guid":{"rendered":"https:\/\/hazarquitectura.com\/?p=3793"},"modified":"2024-09-20T10:33:55","modified_gmt":"2024-09-20T08:33:55","slug":"el-palau-dels-malalts","status":"publish","type":"post","link":"https:\/\/hazarquitectura.com\/ca\/el-palau-dels-malalts\/","title":{"rendered":"El Palau dels malalts"},"content":{"rendered":"<p>Com tants altres edificis i infraestructures barcelonines, el Palau de la M\u00fasica Catalana es va construir entre el 1905 i el 1908 gr\u00e0cies a l\u2019aportaci\u00f3 de capital privat que patrocinava el talent i la necessitat d\u2019espais per a la cultura. L\u2019Orfe\u00f3 Catal\u00e0, fundat una d\u00e8cada abans per Llu\u00eds Millet i Amadeu Vives, cercava construir un espai emblem\u00e0tic a l\u2019altura del reconeixement i l\u2019expectaci\u00f3 que havia generat.<\/p>\n<p>Podr\u00edem dir que el Palau ja existia abans que el mateix edifici. I malgrat els aven\u00e7os tecnol\u00f2gics en mat\u00e8ria lum\u00ednica i escenogr\u00e0fica, en so i enregistrament, en requisits t\u00e8cnics de seguretat als espectacles i en normatives d\u2019incendis o de confort ac\u00fastic que han anat apareixent des de la seva inauguraci\u00f3, l\u2019edifici s\u2019ha anat adaptant i configurant per continuar sent el palau per a la m\u00fasica que els seus fundadors van imaginar. L\u2019\u00fas de l\u2019edifici \u00e9s el que el mant\u00e9 viu i li dona sentit avui dia.<\/p>\n<p>Pocs anys abans de l\u2019inici de les obres del Palau de la M\u00fasica, el mateix arquitecte que el va idear, Llu\u00eds Dom\u00e8nech i Montaner, havia rebut l\u2019enc\u00e0rrec de projectar la nova seu de l\u2019Hospital de Sant Pau i la Santa Creu a l\u2019acabat d\u2019annexionar districte de Sant Mart\u00ed de Barcelona. Les dues obres, el Palau de la M\u00fasica i l\u2019Hospital de Sant Pau, van coincidir en el temps durant la seva construcci\u00f3.<\/p>\n<p>El recinte es componia inicialment de 13 edificis separats entre si per especialitats m\u00e8diques als quals s\u2019unirien, m\u00e9s tard, 6 edificis m\u00e9s projectats pel seu fill, Pere Dom\u00e8nech i Roura.<\/p>\n<p>El conjunt es va alinear estrictament als eixos cardinals, \u00e9s a dir, girat 45 graus respecte de la malla ortogonal de l\u2019Eixample barcelon\u00ed, fet que, a m\u00e9s, va donar origen a una peculiar avinguda obliqua que uneix l\u2019entrada al recinte hospitalari amb la Sagrada Fam\u00edlia de Gaud\u00ed.<\/p>\n<p>L\u2019orientaci\u00f3 dels pavellons recollia la tradici\u00f3 de l\u2019arquitectura antituberculosa, que malgrat el descobriment recent del bacil de Koch i la seva vacuna continuava confiant a l\u2019arquitectura un poder curatiu i reparador. Les fa\u00e7anes principals situaven al sud les sales principals per rebre m\u00e9s quantitat de sol, mentre que a les fa\u00e7anes del nord del darrere s\u2019hi ubicaven circulacions i serveis.<\/p>\n<p>Per\u00f2 el que fou veritablement revolucionari del nou hospital va ser el seu subsol. L\u2019aparent a\u00efllament dels pavellons en superf\u00edcie ocultava un entramat de t\u00fanels i galeries subterr\u00e0nies que comunicava tots els pavellons entre si, permetent passar sota cobert entre ells, distribuir connexions o ubicar-hi nous usos.<\/p>\n<h2>De vegades, ser declarat Patrimoni de la humanitat \u00e9s m\u00e9s una maledicci\u00f3 que no pas un privilegi<\/h2>\n<p>Hi ha exemples paradigm\u00e0tics de grans edificis de la hist\u00f2ria de l\u2019arquitectura que deuen el seu funcionament i la seva aparent simplicitat exterior a la tramoia que amaguen sota terra. Fins i tot ciutats senceres en climes freds com els del Canad\u00e0 o R\u00fassia tenen una intricada xarxa de carrers subterranis que permeten que la vida continu\u00ef durant els crus hiverns, malgrat les dures condicions clim\u00e0tiques de l\u2019exterior.<\/p>\n<p>Per\u00f2 des de l\u2019any 2009, els pavellons que va dissenyar Dom\u00e8nech i Montaner ja no formen part de l\u2019Hospital de Sant Pau. Aquest es va traslladar a un espai petit, en comparaci\u00f3 amb la resta, a la cantonada nord del recinte, en uns bigarrats edificis en forma de ventall. L\u2019explicaci\u00f3 oficial \u00e9s que la tecnologia m\u00e8dica requeria nous espais, m\u00e9s amplis i m\u00e9s ben comunicats.<\/p>\n<p>Comparat amb la sort que va experimentar el Palau de la M\u00fasica, \u00e9s inevitable que ens preguntem sobre la capacitat d\u2019adaptar-se a les noves tecnologies que tenia l\u2019antic edifici de l\u2019Hospital de Sant Pau. Costa de creure que un subsol interconnectat i uns pavellons amplis i amb condicions higi\u00e8niques i salubres que han perdurat gaireb\u00e9 un segle no puguin continuar tenint un \u00fas hospitalari, si m\u00e9s no residencial o assistencial. Encara m\u00e9s veient en el que s\u2019han convertit avui: un museu de si mateix.<\/p>\n<p>En una ostentosa sacralitzaci\u00f3 de l\u2019arquitectura modernista que hi impedeix qualsevol actuaci\u00f3, ara ha passat a dir-se \u201cRecinte modernista\u201d. Les imatges oficials del lloc mostren uns espais buits, impol\u00b7luts, m\u00e9s propers a un jard\u00ed japon\u00e8s o a uns interiors d\u2019una botiga de\u00a0<em>souvenirs<\/em>. De fet, molts dels espais es lloguen per a empreses o esdeveniments de moda, com ja ha passat a la Casa Batll\u00f3 o a la Pedrera. De vegades, ser declarat Patrimoni de la humanitat \u00e9s m\u00e9s una maledicci\u00f3 que no pas un privilegi.<\/p>\n<p>Dies enrere em va escriure una bona amiga que resideix fora del pa\u00eds des de fa anys. De visita a la ciutat va voler tornar a l\u2019Hospital de Sant Pau, on anys enrere va acomiadar el seu germ\u00e0, molt jove, v\u00edctima d\u2019una malaltia despietada. Van ser mesos de lluites, esperances i resignacions.<\/p>\n<p>Tot i aix\u00f2, per a ella visitar l\u2019hospital continuava sent guaridor. Observar els trasllats de malalts i l\u2019activitat dels metges i el personal d\u2019infermeria pels passadissos, veient com la vida s\u2019obria pas per salvar altres vides. En els moments de descans recorda passejar per l\u2019exterior dels pavellons, reconfortada d\u2019alguna manera per la quietud dels seus jardins i la serenitat de la seva arquitectura, cosa que sens dubte formava part de la voluntat dels seus autors.<\/p>\n<p>Reutilitzar un edifici per donar-li un altre \u00fas \u00e9s una cosa leg\u00edtima i segurament desitjable per a moltes tipologies arquitect\u00f2niques, fins i tot l\u2019\u00fas com a museu. Tots coneixem exemples de cases-museu o museus per a l\u2019exposici\u00f3 d\u2019art o col\u00b7leccionisme. Per\u00f2 momificar el mateix edifici s\u2019acosta m\u00e9s a la taxid\u00e8rmia que a l\u2019arquitectura.<\/p>\n<p>Avui la meva amiga ha de pagar una entrada per veure un museu, m\u00e9s semblant a un mausoleu, desposse\u00eft de tot el que li atorgava sentit i valor.<\/p>\n","protected":false},"excerpt":{"rendered":"<p>Com tants altres edificis i infraestructures barcelonines, el Palau de  [&#8230;]<\/p>\n","protected":false},"author":1,"featured_media":3794,"comment_status":"closed","ping_status":"closed","sticky":false,"template":"","format":"standard","meta":{"_acf_changed":false,"footnotes":""},"categories":[31,32],"tags":[],"class_list":["post-3793","post","type-post","status-publish","format-standard","has-post-thumbnail","hentry","category-articles-de-premsa","category-media-ca"],"acf":[],"_links":{"self":[{"href":"https:\/\/hazarquitectura.com\/ca\/wp-json\/wp\/v2\/posts\/3793","targetHints":{"allow":["GET"]}}],"collection":[{"href":"https:\/\/hazarquitectura.com\/ca\/wp-json\/wp\/v2\/posts"}],"about":[{"href":"https:\/\/hazarquitectura.com\/ca\/wp-json\/wp\/v2\/types\/post"}],"author":[{"embeddable":true,"href":"https:\/\/hazarquitectura.com\/ca\/wp-json\/wp\/v2\/users\/1"}],"replies":[{"embeddable":true,"href":"https:\/\/hazarquitectura.com\/ca\/wp-json\/wp\/v2\/comments?post=3793"}],"version-history":[{"count":1,"href":"https:\/\/hazarquitectura.com\/ca\/wp-json\/wp\/v2\/posts\/3793\/revisions"}],"predecessor-version":[{"id":3797,"href":"https:\/\/hazarquitectura.com\/ca\/wp-json\/wp\/v2\/posts\/3793\/revisions\/3797"}],"wp:featuredmedia":[{"embeddable":true,"href":"https:\/\/hazarquitectura.com\/ca\/wp-json\/wp\/v2\/media\/3794"}],"wp:attachment":[{"href":"https:\/\/hazarquitectura.com\/ca\/wp-json\/wp\/v2\/media?parent=3793"}],"wp:term":[{"taxonomy":"category","embeddable":true,"href":"https:\/\/hazarquitectura.com\/ca\/wp-json\/wp\/v2\/categories?post=3793"},{"taxonomy":"post_tag","embeddable":true,"href":"https:\/\/hazarquitectura.com\/ca\/wp-json\/wp\/v2\/tags?post=3793"}],"curies":[{"name":"wp","href":"https:\/\/api.w.org\/{rel}","templated":true}]}}